{"id":21720,"date":"2024-08-21T17:51:17","date_gmt":"2024-08-21T15:51:17","guid":{"rendered":"https:\/\/beauxvillages.be\/ostara-in-concert\/"},"modified":"2024-09-11T09:33:51","modified_gmt":"2024-09-11T07:33:51","slug":"ostara-in-concert","status":"publish","type":"post","link":"https:\/\/beauxvillages.be\/nl\/ostara-in-concert\/","title":{"rendered":"OSTARA in concert"},"content":{"rendered":"\n<p><strong>Cette ann\u00e9e, les Plus Beaux Villages de Wallonie c\u00e9l\u00e8brent leurs 30 ans d\u2019existence !<\/strong><\/p>\n\n<p>Pour l&#8217;occasion, l\u2019association met les petits plats dans les grands en proposant une s\u00e9lection d\u2019\u00e9v\u00e9nements pour partir \u00e0 la d\u00e9couverte des 33 villages du r\u00e9seau et des tr\u00e9sors cach\u00e9s de la Wallonie !<\/p>\n\n<p><\/p>\n\n<p>Rejoignez-nous \u00e0 Soulme le 28 septembre !<\/p>\n\n<p>Pour que culture, patrimoine et tourisme r\u00e9sonnent \u00e0 l\u2019unisson &#8230;<\/p>\n\n<p>Avec le soutien de VISITWallonia et du CGT<\/p>\n\n<figure class=\"wp-block-image size-large\"><a href=\"https:\/\/beauxvillages.be\/wp-content\/uploads\/2024\/08\/Soulme_Concert_affiche_A3.pdf\" target=\"_blank\" rel=\"noreferrer noopener\"><img loading=\"lazy\" decoding=\"async\" width=\"724\" height=\"1024\" src=\"https:\/\/beauxvillages.be\/wp-content\/uploads\/2024\/08\/Soulme_Concert_affiche_A3-724x1024.png\" alt=\"\" class=\"wp-image-21716\" srcset=\"https:\/\/beauxvillages.be\/wp-content\/uploads\/2024\/08\/Soulme_Concert_affiche_A3-724x1024.png 724w, https:\/\/beauxvillages.be\/wp-content\/uploads\/2024\/08\/Soulme_Concert_affiche_A3-212x300.png 212w, https:\/\/beauxvillages.be\/wp-content\/uploads\/2024\/08\/Soulme_Concert_affiche_A3-768x1086.png 768w, https:\/\/beauxvillages.be\/wp-content\/uploads\/2024\/08\/Soulme_Concert_affiche_A3-1086x1536.png 1086w, https:\/\/beauxvillages.be\/wp-content\/uploads\/2024\/08\/Soulme_Concert_affiche_A3-1448x2048.png 1448w, https:\/\/beauxvillages.be\/wp-content\/uploads\/2024\/08\/Soulme_Concert_affiche_A3-400x566.png 400w, https:\/\/beauxvillages.be\/wp-content\/uploads\/2024\/08\/Soulme_Concert_affiche_A3-283x400.png 283w\" sizes=\"auto, (max-width: 724px) 100vw, 724px\" \/><\/a><\/figure>\n","protected":false},"excerpt":{"rendered":"<p>Cette ann\u00e9e, les Plus Beaux Villages de Wallonie c\u00e9l\u00e8brent leurs 30 ans d\u2019existence ! Pour l&#8217;occasion, l\u2019association met les petits plats dans les grands en proposant une s\u00e9lection d\u2019\u00e9v\u00e9nements pour partir \u00e0 la d\u00e9couverte des 33 villages du r\u00e9seau et des tr\u00e9sors cach\u00e9s de la Wallonie ! Rejoignez-nous \u00e0 Soulme le 28 septembre ! Pour [&hellip;]<\/p>\n","protected":false},"author":7,"featured_media":21717,"comment_status":"closed","ping_status":"closed","sticky":false,"template":"","format":"standard","meta":{"_acf_changed":false,"footnotes":""},"categories":[1],"class_list":["post-21720","post","type-post","status-publish","format-standard","has-post-thumbnail","hentry","category-archives"],"acf":[],"yoast_head":"<!-- This site is optimized with the Yoast SEO plugin v27.5 - https:\/\/yoast.com\/product\/yoast-seo-wordpress\/ -->\n<title>OSTARA in concert - Plus Beaux Villages de Wallonie<\/title>\n<meta name=\"description\" content=\"In het kader van de PBVW Muzikale Seizoenen kunt u zich onderdompelen in de muziek van de groep OSTARA, in de prachtige geklasseerde kerk Sainte-Colombe in SOULME.\" \/>\n<meta name=\"robots\" content=\"index, follow, max-snippet:-1, max-image-preview:large, max-video-preview:-1\" \/>\n<link rel=\"canonical\" href=\"https:\/\/beauxvillages.be\/nl\/ostara-in-concert\/\" \/>\n<meta property=\"og:locale\" content=\"nl_NL\" \/>\n<meta property=\"og:type\" content=\"article\" \/>\n<meta property=\"og:title\" content=\"OSTARA in concert - Plus Beaux Villages de Wallonie\" \/>\n<meta property=\"og:description\" content=\"In het kader van de PBVW Muzikale Seizoenen kunt u zich onderdompelen in de muziek van de groep OSTARA, in de prachtige geklasseerde kerk Sainte-Colombe in SOULME.\" \/>\n<meta property=\"og:url\" content=\"https:\/\/beauxvillages.be\/nl\/ostara-in-concert\/\" \/>\n<meta property=\"og:site_name\" content=\"Plus Beaux Villages de Wallonie\" \/>\n<meta property=\"article:published_time\" content=\"2024-08-21T15:51:17+00:00\" \/>\n<meta property=\"article:modified_time\" content=\"2024-09-11T07:33:51+00:00\" \/>\n<meta property=\"og:image\" content=\"https:\/\/beauxvillages.be\/wp-content\/uploads\/2024\/08\/Soulme_Concert_affiche_A3-724x1024.png\" \/>\n\t<meta property=\"og:image:width\" content=\"724\" \/>\n\t<meta property=\"og:image:height\" content=\"1024\" \/>\n\t<meta property=\"og:image:type\" content=\"image\/png\" \/>\n<meta name=\"author\" content=\"Aur\u00e9lie Ducroze\" \/>\n<meta name=\"twitter:card\" content=\"summary_large_image\" \/>\n<meta name=\"twitter:label1\" content=\"Geschreven door\" \/>\n\t<meta name=\"twitter:data1\" content=\"Aur\u00e9lie Ducroze\" \/>\n<script type=\"application\/ld+json\" class=\"yoast-schema-graph\">{\"@context\":\"https:\\\/\\\/schema.org\",\"@graph\":[{\"@type\":\"Article\",\"@id\":\"https:\\\/\\\/beauxvillages.be\\\/nl\\\/ostara-in-concert\\\/#article\",\"isPartOf\":{\"@id\":\"https:\\\/\\\/beauxvillages.be\\\/nl\\\/ostara-in-concert\\\/\"},\"author\":{\"name\":\"Aur\u00e9lie Ducroze\",\"@id\":\"https:\\\/\\\/beauxvillages.be\\\/#\\\/schema\\\/person\\\/dd55d9b57f7cfda0a1e07db2763bf3e2\"},\"headline\":\"OSTARA in concert\",\"datePublished\":\"2024-08-21T15:51:17+00:00\",\"dateModified\":\"2024-09-11T07:33:51+00:00\",\"mainEntityOfPage\":{\"@id\":\"https:\\\/\\\/beauxvillages.be\\\/nl\\\/ostara-in-concert\\\/\"},\"wordCount\":80,\"image\":{\"@id\":\"https:\\\/\\\/beauxvillages.be\\\/nl\\\/ostara-in-concert\\\/#primaryimage\"},\"thumbnailUrl\":\"https:\\\/\\\/beauxvillages.be\\\/wp-content\\\/uploads\\\/2024\\\/08\\\/Soulme_Concert_affiche_A3.png\",\"articleSection\":[\"Archives\"],\"inLanguage\":\"nl-NL\"},{\"@type\":\"WebPage\",\"@id\":\"https:\\\/\\\/beauxvillages.be\\\/nl\\\/ostara-in-concert\\\/\",\"url\":\"https:\\\/\\\/beauxvillages.be\\\/nl\\\/ostara-in-concert\\\/\",\"name\":\"OSTARA in concert - Plus Beaux Villages de Wallonie\",\"isPartOf\":{\"@id\":\"https:\\\/\\\/beauxvillages.be\\\/#website\"},\"primaryImageOfPage\":{\"@id\":\"https:\\\/\\\/beauxvillages.be\\\/nl\\\/ostara-in-concert\\\/#primaryimage\"},\"image\":{\"@id\":\"https:\\\/\\\/beauxvillages.be\\\/nl\\\/ostara-in-concert\\\/#primaryimage\"},\"thumbnailUrl\":\"https:\\\/\\\/beauxvillages.be\\\/wp-content\\\/uploads\\\/2024\\\/08\\\/Soulme_Concert_affiche_A3.png\",\"datePublished\":\"2024-08-21T15:51:17+00:00\",\"dateModified\":\"2024-09-11T07:33:51+00:00\",\"author\":{\"@id\":\"https:\\\/\\\/beauxvillages.be\\\/#\\\/schema\\\/person\\\/dd55d9b57f7cfda0a1e07db2763bf3e2\"},\"description\":\"In het kader van de PBVW Muzikale Seizoenen kunt u zich onderdompelen in de muziek van de groep OSTARA, in de prachtige geklasseerde kerk Sainte-Colombe in SOULME.\",\"breadcrumb\":{\"@id\":\"https:\\\/\\\/beauxvillages.be\\\/nl\\\/ostara-in-concert\\\/#breadcrumb\"},\"inLanguage\":\"nl-NL\",\"potentialAction\":[{\"@type\":\"ReadAction\",\"target\":[\"https:\\\/\\\/beauxvillages.be\\\/nl\\\/ostara-in-concert\\\/\"]}]},{\"@type\":\"ImageObject\",\"inLanguage\":\"nl-NL\",\"@id\":\"https:\\\/\\\/beauxvillages.be\\\/nl\\\/ostara-in-concert\\\/#primaryimage\",\"url\":\"https:\\\/\\\/beauxvillages.be\\\/wp-content\\\/uploads\\\/2024\\\/08\\\/Soulme_Concert_affiche_A3.png\",\"contentUrl\":\"https:\\\/\\\/beauxvillages.be\\\/wp-content\\\/uploads\\\/2024\\\/08\\\/Soulme_Concert_affiche_A3.png\",\"width\":3508,\"height\":4961},{\"@type\":\"BreadcrumbList\",\"@id\":\"https:\\\/\\\/beauxvillages.be\\\/nl\\\/ostara-in-concert\\\/#breadcrumb\",\"itemListElement\":[{\"@type\":\"ListItem\",\"position\":1,\"name\":\"Accueil\",\"item\":\"https:\\\/\\\/beauxvillages.be\\\/\"},{\"@type\":\"ListItem\",\"position\":2,\"name\":\"OSTARA in concert\"}]},{\"@type\":\"WebSite\",\"@id\":\"https:\\\/\\\/beauxvillages.be\\\/#website\",\"url\":\"https:\\\/\\\/beauxvillages.be\\\/\",\"name\":\"Plus Beaux Villages de Wallonie\",\"description\":\"Un site utilisant WordPress\",\"potentialAction\":[{\"@type\":\"SearchAction\",\"target\":{\"@type\":\"EntryPoint\",\"urlTemplate\":\"https:\\\/\\\/beauxvillages.be\\\/?s={search_term_string}\"},\"query-input\":{\"@type\":\"PropertyValueSpecification\",\"valueRequired\":true,\"valueName\":\"search_term_string\"}}],\"inLanguage\":\"nl-NL\"},{\"@type\":\"Person\",\"@id\":\"https:\\\/\\\/beauxvillages.be\\\/#\\\/schema\\\/person\\\/dd55d9b57f7cfda0a1e07db2763bf3e2\",\"name\":\"Aur\u00e9lie Ducroze\",\"image\":{\"@type\":\"ImageObject\",\"inLanguage\":\"nl-NL\",\"@id\":\"https:\\\/\\\/secure.gravatar.com\\\/avatar\\\/72c579ba0ec7d78e4657a1faed746b30dbadf2741e7fa3d2e9ba16c8437e85b7?s=96&d=mm&r=g\",\"url\":\"https:\\\/\\\/secure.gravatar.com\\\/avatar\\\/72c579ba0ec7d78e4657a1faed746b30dbadf2741e7fa3d2e9ba16c8437e85b7?s=96&d=mm&r=g\",\"contentUrl\":\"https:\\\/\\\/secure.gravatar.com\\\/avatar\\\/72c579ba0ec7d78e4657a1faed746b30dbadf2741e7fa3d2e9ba16c8437e85b7?s=96&d=mm&r=g\",\"caption\":\"Aur\u00e9lie Ducroze\"},\"url\":\"https:\\\/\\\/beauxvillages.be\\\/nl\\\/author\\\/aurelie\\\/\"}]}<\/script>\n<!-- \/ Yoast SEO plugin. -->","yoast_head_json":{"title":"OSTARA in concert - Plus Beaux Villages de Wallonie","description":"In het kader van de PBVW Muzikale Seizoenen kunt u zich onderdompelen in de muziek van de groep OSTARA, in de prachtige geklasseerde kerk Sainte-Colombe in SOULME.","robots":{"index":"index","follow":"follow","max-snippet":"max-snippet:-1","max-image-preview":"max-image-preview:large","max-video-preview":"max-video-preview:-1"},"canonical":"https:\/\/beauxvillages.be\/nl\/ostara-in-concert\/","og_locale":"nl_NL","og_type":"article","og_title":"OSTARA in concert - Plus Beaux Villages de Wallonie","og_description":"In het kader van de PBVW Muzikale Seizoenen kunt u zich onderdompelen in de muziek van de groep OSTARA, in de prachtige geklasseerde kerk Sainte-Colombe in SOULME.","og_url":"https:\/\/beauxvillages.be\/nl\/ostara-in-concert\/","og_site_name":"Plus Beaux Villages de Wallonie","article_published_time":"2024-08-21T15:51:17+00:00","article_modified_time":"2024-09-11T07:33:51+00:00","og_image":[{"width":724,"height":1024,"url":"https:\/\/beauxvillages.be\/wp-content\/uploads\/2024\/08\/Soulme_Concert_affiche_A3-724x1024.png","type":"image\/png"}],"author":"Aur\u00e9lie Ducroze","twitter_card":"summary_large_image","twitter_misc":{"Geschreven door":"Aur\u00e9lie Ducroze"},"schema":{"@context":"https:\/\/schema.org","@graph":[{"@type":"Article","@id":"https:\/\/beauxvillages.be\/nl\/ostara-in-concert\/#article","isPartOf":{"@id":"https:\/\/beauxvillages.be\/nl\/ostara-in-concert\/"},"author":{"name":"Aur\u00e9lie Ducroze","@id":"https:\/\/beauxvillages.be\/#\/schema\/person\/dd55d9b57f7cfda0a1e07db2763bf3e2"},"headline":"OSTARA in concert","datePublished":"2024-08-21T15:51:17+00:00","dateModified":"2024-09-11T07:33:51+00:00","mainEntityOfPage":{"@id":"https:\/\/beauxvillages.be\/nl\/ostara-in-concert\/"},"wordCount":80,"image":{"@id":"https:\/\/beauxvillages.be\/nl\/ostara-in-concert\/#primaryimage"},"thumbnailUrl":"https:\/\/beauxvillages.be\/wp-content\/uploads\/2024\/08\/Soulme_Concert_affiche_A3.png","articleSection":["Archives"],"inLanguage":"nl-NL"},{"@type":"WebPage","@id":"https:\/\/beauxvillages.be\/nl\/ostara-in-concert\/","url":"https:\/\/beauxvillages.be\/nl\/ostara-in-concert\/","name":"OSTARA in concert - Plus Beaux Villages de Wallonie","isPartOf":{"@id":"https:\/\/beauxvillages.be\/#website"},"primaryImageOfPage":{"@id":"https:\/\/beauxvillages.be\/nl\/ostara-in-concert\/#primaryimage"},"image":{"@id":"https:\/\/beauxvillages.be\/nl\/ostara-in-concert\/#primaryimage"},"thumbnailUrl":"https:\/\/beauxvillages.be\/wp-content\/uploads\/2024\/08\/Soulme_Concert_affiche_A3.png","datePublished":"2024-08-21T15:51:17+00:00","dateModified":"2024-09-11T07:33:51+00:00","author":{"@id":"https:\/\/beauxvillages.be\/#\/schema\/person\/dd55d9b57f7cfda0a1e07db2763bf3e2"},"description":"In het kader van de PBVW Muzikale Seizoenen kunt u zich onderdompelen in de muziek van de groep OSTARA, in de prachtige geklasseerde kerk Sainte-Colombe in SOULME.","breadcrumb":{"@id":"https:\/\/beauxvillages.be\/nl\/ostara-in-concert\/#breadcrumb"},"inLanguage":"nl-NL","potentialAction":[{"@type":"ReadAction","target":["https:\/\/beauxvillages.be\/nl\/ostara-in-concert\/"]}]},{"@type":"ImageObject","inLanguage":"nl-NL","@id":"https:\/\/beauxvillages.be\/nl\/ostara-in-concert\/#primaryimage","url":"https:\/\/beauxvillages.be\/wp-content\/uploads\/2024\/08\/Soulme_Concert_affiche_A3.png","contentUrl":"https:\/\/beauxvillages.be\/wp-content\/uploads\/2024\/08\/Soulme_Concert_affiche_A3.png","width":3508,"height":4961},{"@type":"BreadcrumbList","@id":"https:\/\/beauxvillages.be\/nl\/ostara-in-concert\/#breadcrumb","itemListElement":[{"@type":"ListItem","position":1,"name":"Accueil","item":"https:\/\/beauxvillages.be\/"},{"@type":"ListItem","position":2,"name":"OSTARA in concert"}]},{"@type":"WebSite","@id":"https:\/\/beauxvillages.be\/#website","url":"https:\/\/beauxvillages.be\/","name":"Plus Beaux Villages de Wallonie","description":"Un site utilisant WordPress","potentialAction":[{"@type":"SearchAction","target":{"@type":"EntryPoint","urlTemplate":"https:\/\/beauxvillages.be\/?s={search_term_string}"},"query-input":{"@type":"PropertyValueSpecification","valueRequired":true,"valueName":"search_term_string"}}],"inLanguage":"nl-NL"},{"@type":"Person","@id":"https:\/\/beauxvillages.be\/#\/schema\/person\/dd55d9b57f7cfda0a1e07db2763bf3e2","name":"Aur\u00e9lie Ducroze","image":{"@type":"ImageObject","inLanguage":"nl-NL","@id":"https:\/\/secure.gravatar.com\/avatar\/72c579ba0ec7d78e4657a1faed746b30dbadf2741e7fa3d2e9ba16c8437e85b7?s=96&d=mm&r=g","url":"https:\/\/secure.gravatar.com\/avatar\/72c579ba0ec7d78e4657a1faed746b30dbadf2741e7fa3d2e9ba16c8437e85b7?s=96&d=mm&r=g","contentUrl":"https:\/\/secure.gravatar.com\/avatar\/72c579ba0ec7d78e4657a1faed746b30dbadf2741e7fa3d2e9ba16c8437e85b7?s=96&d=mm&r=g","caption":"Aur\u00e9lie Ducroze"},"url":"https:\/\/beauxvillages.be\/nl\/author\/aurelie\/"}]}},"_links":{"self":[{"href":"https:\/\/beauxvillages.be\/nl\/wp-json\/wp\/v2\/posts\/21720","targetHints":{"allow":["GET"]}}],"collection":[{"href":"https:\/\/beauxvillages.be\/nl\/wp-json\/wp\/v2\/posts"}],"about":[{"href":"https:\/\/beauxvillages.be\/nl\/wp-json\/wp\/v2\/types\/post"}],"author":[{"embeddable":true,"href":"https:\/\/beauxvillages.be\/nl\/wp-json\/wp\/v2\/users\/7"}],"replies":[{"embeddable":true,"href":"https:\/\/beauxvillages.be\/nl\/wp-json\/wp\/v2\/comments?post=21720"}],"version-history":[{"count":1,"href":"https:\/\/beauxvillages.be\/nl\/wp-json\/wp\/v2\/posts\/21720\/revisions"}],"predecessor-version":[{"id":21721,"href":"https:\/\/beauxvillages.be\/nl\/wp-json\/wp\/v2\/posts\/21720\/revisions\/21721"}],"wp:featuredmedia":[{"embeddable":true,"href":"https:\/\/beauxvillages.be\/nl\/wp-json\/wp\/v2\/media\/21717"}],"wp:attachment":[{"href":"https:\/\/beauxvillages.be\/nl\/wp-json\/wp\/v2\/media?parent=21720"}],"wp:term":[{"taxonomy":"category","embeddable":true,"href":"https:\/\/beauxvillages.be\/nl\/wp-json\/wp\/v2\/categories?post=21720"}],"curies":[{"name":"wp","href":"https:\/\/api.w.org\/{rel}","templated":true}]}}