{"id":15762,"date":"2022-08-19T15:08:33","date_gmt":"2022-08-19T13:08:33","guid":{"rendered":"https:\/\/beauxvillages.be\/laten-we-gaan-wandelen-in-laforet\/"},"modified":"2023-01-19T10:38:57","modified_gmt":"2023-01-19T09:38:57","slug":"laten-we-gaan-wandelen-in-laforet","status":"publish","type":"post","link":"https:\/\/beauxvillages.be\/nl\/laten-we-gaan-wandelen-in-laforet\/","title":{"rendered":"Laten we gaan wandelen in&#8230; LAFORET"},"content":{"rendered":"\n<figure class=\"wp-block-image size-large\"><img loading=\"lazy\" decoding=\"async\" width=\"1024\" height=\"683\" src=\"https:\/\/beauxvillages.be\/wp-content\/uploads\/2021\/11\/02-ARD-LAFORET-PBVW-1024x683.jpg\" alt=\"Lafor&#xEA;t Plus Beaux Villages de Wallonie\" class=\"wp-image-4804\" srcset=\"https:\/\/beauxvillages.be\/wp-content\/uploads\/2021\/11\/02-ARD-LAFORET-PBVW-1024x683.jpg 1024w, https:\/\/beauxvillages.be\/wp-content\/uploads\/2021\/11\/02-ARD-LAFORET-PBVW-300x200.jpg 300w, https:\/\/beauxvillages.be\/wp-content\/uploads\/2021\/11\/02-ARD-LAFORET-PBVW-768x512.jpg 768w, https:\/\/beauxvillages.be\/wp-content\/uploads\/2021\/11\/02-ARD-LAFORET-PBVW-1536x1024.jpg 1536w, https:\/\/beauxvillages.be\/wp-content\/uploads\/2021\/11\/02-ARD-LAFORET-PBVW-2048x1365.jpg 2048w, https:\/\/beauxvillages.be\/wp-content\/uploads\/2021\/11\/02-ARD-LAFORET-PBVW-600x400.jpg 600w, https:\/\/beauxvillages.be\/wp-content\/uploads\/2021\/11\/02-ARD-LAFORET-PBVW-400x267.jpg 400w\" sizes=\"auto, (max-width: 1024px) 100vw, 1024px\" \/><figcaption>\u00a9 Plus Beaux Villages de Wallonie &#8211; Mark Rossignol<\/figcaption><\/figure>\n\n<figure class=\"wp-block-image size-large\"><img loading=\"lazy\" decoding=\"async\" width=\"1024\" height=\"683\" src=\"https:\/\/beauxvillages.be\/wp-content\/uploads\/2021\/12\/Laforet-sans-signature_-8-1-1024x683.jpg\" alt=\"\" class=\"wp-image-7599\" srcset=\"https:\/\/beauxvillages.be\/wp-content\/uploads\/2021\/12\/Laforet-sans-signature_-8-1-1024x683.jpg 1024w, https:\/\/beauxvillages.be\/wp-content\/uploads\/2021\/12\/Laforet-sans-signature_-8-1-300x200.jpg 300w, https:\/\/beauxvillages.be\/wp-content\/uploads\/2021\/12\/Laforet-sans-signature_-8-1-768x512.jpg 768w, https:\/\/beauxvillages.be\/wp-content\/uploads\/2021\/12\/Laforet-sans-signature_-8-1-1536x1024.jpg 1536w, https:\/\/beauxvillages.be\/wp-content\/uploads\/2021\/12\/Laforet-sans-signature_-8-1-2048x1365.jpg 2048w, https:\/\/beauxvillages.be\/wp-content\/uploads\/2021\/12\/Laforet-sans-signature_-8-1-600x400.jpg 600w, https:\/\/beauxvillages.be\/wp-content\/uploads\/2021\/12\/Laforet-sans-signature_-8-1-400x267.jpg 400w\" sizes=\"auto, (max-width: 1024px) 100vw, 1024px\" \/><figcaption>\u00a9 pbvw &#8211; Rita Photographie<\/figcaption><\/figure>\n\n<figure class=\"wp-block-image size-full\"><img loading=\"lazy\" decoding=\"async\" width=\"1024\" height=\"681\" src=\"https:\/\/beauxvillages.be\/wp-content\/uploads\/2021\/12\/Laforet-sans-signature_.jpg\" alt=\"laforet\" class=\"wp-image-6181\" srcset=\"https:\/\/beauxvillages.be\/wp-content\/uploads\/2021\/12\/Laforet-sans-signature_.jpg 1024w, https:\/\/beauxvillages.be\/wp-content\/uploads\/2021\/12\/Laforet-sans-signature_-300x200.jpg 300w, https:\/\/beauxvillages.be\/wp-content\/uploads\/2021\/12\/Laforet-sans-signature_-768x511.jpg 768w, https:\/\/beauxvillages.be\/wp-content\/uploads\/2021\/12\/Laforet-sans-signature_-600x400.jpg 600w, https:\/\/beauxvillages.be\/wp-content\/uploads\/2021\/12\/Laforet-sans-signature_-400x266.jpg 400w\" sizes=\"auto, (max-width: 1024px) 100vw, 1024px\" \/><figcaption>\u00a9 pbvw &#8211; Rita Photographie<\/figcaption><\/figure>\n\n<figure class=\"wp-block-image size-full\"><img loading=\"lazy\" decoding=\"async\" width=\"1024\" height=\"632\" src=\"https:\/\/beauxvillages.be\/wp-content\/uploads\/2021\/12\/Laforet-Scans-photos-anciennes.jpg\" alt=\"vue-ancienne-laforet\" class=\"wp-image-6208\" srcset=\"https:\/\/beauxvillages.be\/wp-content\/uploads\/2021\/12\/Laforet-Scans-photos-anciennes.jpg 1024w, https:\/\/beauxvillages.be\/wp-content\/uploads\/2021\/12\/Laforet-Scans-photos-anciennes-300x185.jpg 300w, https:\/\/beauxvillages.be\/wp-content\/uploads\/2021\/12\/Laforet-Scans-photos-anciennes-768x474.jpg 768w, https:\/\/beauxvillages.be\/wp-content\/uploads\/2021\/12\/Laforet-Scans-photos-anciennes-400x247.jpg 400w\" sizes=\"auto, (max-width: 1024px) 100vw, 1024px\" \/><\/figure>\n\n<figure class=\"wp-block-image size-full\"><img loading=\"lazy\" decoding=\"async\" width=\"1024\" height=\"642\" src=\"https:\/\/beauxvillages.be\/wp-content\/uploads\/2021\/12\/Laforet-Scans-photos-anciennes-12.jpg\" alt=\"carte-postela-ancienne-vresse-sur-semois\" class=\"wp-image-6211\" srcset=\"https:\/\/beauxvillages.be\/wp-content\/uploads\/2021\/12\/Laforet-Scans-photos-anciennes-12.jpg 1024w, https:\/\/beauxvillages.be\/wp-content\/uploads\/2021\/12\/Laforet-Scans-photos-anciennes-12-300x188.jpg 300w, https:\/\/beauxvillages.be\/wp-content\/uploads\/2021\/12\/Laforet-Scans-photos-anciennes-12-768x482.jpg 768w, https:\/\/beauxvillages.be\/wp-content\/uploads\/2021\/12\/Laforet-Scans-photos-anciennes-12-400x251.jpg 400w\" sizes=\"auto, (max-width: 1024px) 100vw, 1024px\" \/><\/figure>\n\n<figure class=\"wp-block-image size-large\"><img loading=\"lazy\" decoding=\"async\" width=\"1024\" height=\"681\" src=\"https:\/\/beauxvillages.be\/wp-content\/uploads\/2021\/11\/Vresse-sur-Semoius-serie-montage-pont-sans-signature_-4-1024x681.jpg\" alt=\"Pont de Claies &#xE0; Lafor&#xEA;t\" class=\"wp-image-5073\" srcset=\"https:\/\/beauxvillages.be\/wp-content\/uploads\/2021\/11\/Vresse-sur-Semoius-serie-montage-pont-sans-signature_-4-1024x681.jpg 1024w, https:\/\/beauxvillages.be\/wp-content\/uploads\/2021\/11\/Vresse-sur-Semoius-serie-montage-pont-sans-signature_-4-300x200.jpg 300w, https:\/\/beauxvillages.be\/wp-content\/uploads\/2021\/11\/Vresse-sur-Semoius-serie-montage-pont-sans-signature_-4-768x511.jpg 768w, https:\/\/beauxvillages.be\/wp-content\/uploads\/2021\/11\/Vresse-sur-Semoius-serie-montage-pont-sans-signature_-4-1536x1022.jpg 1536w, https:\/\/beauxvillages.be\/wp-content\/uploads\/2021\/11\/Vresse-sur-Semoius-serie-montage-pont-sans-signature_-4-2048x1363.jpg 2048w, https:\/\/beauxvillages.be\/wp-content\/uploads\/2021\/11\/Vresse-sur-Semoius-serie-montage-pont-sans-signature_-4-600x400.jpg 600w, https:\/\/beauxvillages.be\/wp-content\/uploads\/2021\/11\/Vresse-sur-Semoius-serie-montage-pont-sans-signature_-4-400x266.jpg 400w\" sizes=\"auto, (max-width: 1024px) 100vw, 1024px\" \/><figcaption>Pont de Claies \u00e0 Lafor\u00eat \u00a9 pbvw- Rita photographie<\/figcaption><\/figure>\n","protected":false},"excerpt":{"rendered":"","protected":false},"author":7,"featured_media":6185,"comment_status":"closed","ping_status":"closed","sticky":false,"template":"","format":"standard","meta":{"_acf_changed":false,"footnotes":""},"categories":[3],"class_list":["post-15762","post","type-post","status-publish","format-standard","has-post-thumbnail","hentry","category-archieven"],"acf":[],"yoast_head":"<!-- This site is optimized with the Yoast SEO plugin v27.5 - https:\/\/yoast.com\/product\/yoast-seo-wordpress\/ -->\n<title>Laten we gaan wandelen in... LAFORET - Plus Beaux Villages de Wallonie<\/title>\n<meta name=\"description\" content=\"Lafor\u00eat - &quot;La for\u00eat racont\u00e9e&quot;, &quot;R\u00e9 - enchantons l&#039;ordinaire&quot;, &quot;De la for\u00eat \u00e0 Lafor\u00eat&quot;, ontdek of herontdek dit uitzonderlijke Ardense dorp in zijn prachtige groene omgeving!\" \/>\n<meta name=\"robots\" content=\"index, follow, max-snippet:-1, max-image-preview:large, max-video-preview:-1\" \/>\n<link rel=\"canonical\" href=\"https:\/\/beauxvillages.be\/nl\/laten-we-gaan-wandelen-in-laforet\/\" \/>\n<meta property=\"og:locale\" content=\"nl_NL\" \/>\n<meta property=\"og:type\" content=\"article\" \/>\n<meta property=\"og:title\" content=\"Laten we gaan wandelen in... LAFORET - Plus Beaux Villages de Wallonie\" \/>\n<meta property=\"og:description\" content=\"Lafor\u00eat - &quot;La for\u00eat racont\u00e9e&quot;, &quot;R\u00e9 - enchantons l&#039;ordinaire&quot;, &quot;De la for\u00eat \u00e0 Lafor\u00eat&quot;, ontdek of herontdek dit uitzonderlijke Ardense dorp in zijn prachtige groene omgeving!\" \/>\n<meta property=\"og:url\" content=\"https:\/\/beauxvillages.be\/nl\/laten-we-gaan-wandelen-in-laforet\/\" \/>\n<meta property=\"og:site_name\" content=\"Plus Beaux Villages de Wallonie\" \/>\n<meta property=\"article:published_time\" content=\"2022-08-19T13:08:33+00:00\" \/>\n<meta property=\"article:modified_time\" content=\"2023-01-19T09:38:57+00:00\" \/>\n<meta property=\"og:image\" content=\"https:\/\/beauxvillages.be\/wp-content\/uploads\/2021\/12\/Laforet-sans-signature_-2.jpg\" \/>\n\t<meta property=\"og:image:width\" content=\"1024\" \/>\n\t<meta property=\"og:image:height\" content=\"681\" \/>\n\t<meta property=\"og:image:type\" content=\"image\/jpeg\" \/>\n<meta name=\"author\" content=\"Aur\u00e9lie Ducroze\" \/>\n<meta name=\"twitter:card\" content=\"summary_large_image\" \/>\n<meta name=\"twitter:label1\" content=\"Geschreven door\" \/>\n\t<meta name=\"twitter:data1\" content=\"Aur\u00e9lie Ducroze\" \/>\n<script type=\"application\/ld+json\" class=\"yoast-schema-graph\">{\"@context\":\"https:\\\/\\\/schema.org\",\"@graph\":[{\"@type\":\"Article\",\"@id\":\"https:\\\/\\\/beauxvillages.be\\\/nl\\\/laten-we-gaan-wandelen-in-laforet\\\/#article\",\"isPartOf\":{\"@id\":\"https:\\\/\\\/beauxvillages.be\\\/nl\\\/laten-we-gaan-wandelen-in-laforet\\\/\"},\"author\":{\"name\":\"Aur\u00e9lie Ducroze\",\"@id\":\"https:\\\/\\\/beauxvillages.be\\\/#\\\/schema\\\/person\\\/dd55d9b57f7cfda0a1e07db2763bf3e2\"},\"headline\":\"Laten we gaan wandelen in&#8230; LAFORET\",\"datePublished\":\"2022-08-19T13:08:33+00:00\",\"dateModified\":\"2023-01-19T09:38:57+00:00\",\"mainEntityOfPage\":{\"@id\":\"https:\\\/\\\/beauxvillages.be\\\/nl\\\/laten-we-gaan-wandelen-in-laforet\\\/\"},\"wordCount\":30,\"image\":{\"@id\":\"https:\\\/\\\/beauxvillages.be\\\/nl\\\/laten-we-gaan-wandelen-in-laforet\\\/#primaryimage\"},\"thumbnailUrl\":\"https:\\\/\\\/beauxvillages.be\\\/wp-content\\\/uploads\\\/2021\\\/12\\\/Laforet-sans-signature_-2.jpg\",\"articleSection\":[\"Archieven\"],\"inLanguage\":\"nl-NL\"},{\"@type\":\"WebPage\",\"@id\":\"https:\\\/\\\/beauxvillages.be\\\/nl\\\/laten-we-gaan-wandelen-in-laforet\\\/\",\"url\":\"https:\\\/\\\/beauxvillages.be\\\/nl\\\/laten-we-gaan-wandelen-in-laforet\\\/\",\"name\":\"Laten we gaan wandelen in... LAFORET - Plus Beaux Villages de Wallonie\",\"isPartOf\":{\"@id\":\"https:\\\/\\\/beauxvillages.be\\\/#website\"},\"primaryImageOfPage\":{\"@id\":\"https:\\\/\\\/beauxvillages.be\\\/nl\\\/laten-we-gaan-wandelen-in-laforet\\\/#primaryimage\"},\"image\":{\"@id\":\"https:\\\/\\\/beauxvillages.be\\\/nl\\\/laten-we-gaan-wandelen-in-laforet\\\/#primaryimage\"},\"thumbnailUrl\":\"https:\\\/\\\/beauxvillages.be\\\/wp-content\\\/uploads\\\/2021\\\/12\\\/Laforet-sans-signature_-2.jpg\",\"datePublished\":\"2022-08-19T13:08:33+00:00\",\"dateModified\":\"2023-01-19T09:38:57+00:00\",\"author\":{\"@id\":\"https:\\\/\\\/beauxvillages.be\\\/#\\\/schema\\\/person\\\/dd55d9b57f7cfda0a1e07db2763bf3e2\"},\"description\":\"Lafor\u00eat - \\\"La for\u00eat racont\u00e9e\\\", \\\"R\u00e9 - enchantons l'ordinaire\\\", \\\"De la for\u00eat \u00e0 Lafor\u00eat\\\", ontdek of herontdek dit uitzonderlijke Ardense dorp in zijn prachtige groene omgeving!\",\"breadcrumb\":{\"@id\":\"https:\\\/\\\/beauxvillages.be\\\/nl\\\/laten-we-gaan-wandelen-in-laforet\\\/#breadcrumb\"},\"inLanguage\":\"nl-NL\",\"potentialAction\":[{\"@type\":\"ReadAction\",\"target\":[\"https:\\\/\\\/beauxvillages.be\\\/nl\\\/laten-we-gaan-wandelen-in-laforet\\\/\"]}]},{\"@type\":\"ImageObject\",\"inLanguage\":\"nl-NL\",\"@id\":\"https:\\\/\\\/beauxvillages.be\\\/nl\\\/laten-we-gaan-wandelen-in-laforet\\\/#primaryimage\",\"url\":\"https:\\\/\\\/beauxvillages.be\\\/wp-content\\\/uploads\\\/2021\\\/12\\\/Laforet-sans-signature_-2.jpg\",\"contentUrl\":\"https:\\\/\\\/beauxvillages.be\\\/wp-content\\\/uploads\\\/2021\\\/12\\\/Laforet-sans-signature_-2.jpg\",\"width\":1024,\"height\":681,\"caption\":\"\u00a9 Rita Photographie\"},{\"@type\":\"BreadcrumbList\",\"@id\":\"https:\\\/\\\/beauxvillages.be\\\/nl\\\/laten-we-gaan-wandelen-in-laforet\\\/#breadcrumb\",\"itemListElement\":[{\"@type\":\"ListItem\",\"position\":1,\"name\":\"Accueil\",\"item\":\"https:\\\/\\\/beauxvillages.be\\\/\"},{\"@type\":\"ListItem\",\"position\":2,\"name\":\"Laten we gaan wandelen in&#8230; LAFORET\"}]},{\"@type\":\"WebSite\",\"@id\":\"https:\\\/\\\/beauxvillages.be\\\/#website\",\"url\":\"https:\\\/\\\/beauxvillages.be\\\/\",\"name\":\"Plus Beaux Villages de Wallonie\",\"description\":\"Un site utilisant WordPress\",\"potentialAction\":[{\"@type\":\"SearchAction\",\"target\":{\"@type\":\"EntryPoint\",\"urlTemplate\":\"https:\\\/\\\/beauxvillages.be\\\/?s={search_term_string}\"},\"query-input\":{\"@type\":\"PropertyValueSpecification\",\"valueRequired\":true,\"valueName\":\"search_term_string\"}}],\"inLanguage\":\"nl-NL\"},{\"@type\":\"Person\",\"@id\":\"https:\\\/\\\/beauxvillages.be\\\/#\\\/schema\\\/person\\\/dd55d9b57f7cfda0a1e07db2763bf3e2\",\"name\":\"Aur\u00e9lie Ducroze\",\"image\":{\"@type\":\"ImageObject\",\"inLanguage\":\"nl-NL\",\"@id\":\"https:\\\/\\\/secure.gravatar.com\\\/avatar\\\/72c579ba0ec7d78e4657a1faed746b30dbadf2741e7fa3d2e9ba16c8437e85b7?s=96&d=mm&r=g\",\"url\":\"https:\\\/\\\/secure.gravatar.com\\\/avatar\\\/72c579ba0ec7d78e4657a1faed746b30dbadf2741e7fa3d2e9ba16c8437e85b7?s=96&d=mm&r=g\",\"contentUrl\":\"https:\\\/\\\/secure.gravatar.com\\\/avatar\\\/72c579ba0ec7d78e4657a1faed746b30dbadf2741e7fa3d2e9ba16c8437e85b7?s=96&d=mm&r=g\",\"caption\":\"Aur\u00e9lie Ducroze\"},\"url\":\"https:\\\/\\\/beauxvillages.be\\\/nl\\\/author\\\/aurelie\\\/\"}]}<\/script>\n<!-- \/ Yoast SEO plugin. -->","yoast_head_json":{"title":"Laten we gaan wandelen in... LAFORET - Plus Beaux Villages de Wallonie","description":"Lafor\u00eat - \"La for\u00eat racont\u00e9e\", \"R\u00e9 - enchantons l'ordinaire\", \"De la for\u00eat \u00e0 Lafor\u00eat\", ontdek of herontdek dit uitzonderlijke Ardense dorp in zijn prachtige groene omgeving!","robots":{"index":"index","follow":"follow","max-snippet":"max-snippet:-1","max-image-preview":"max-image-preview:large","max-video-preview":"max-video-preview:-1"},"canonical":"https:\/\/beauxvillages.be\/nl\/laten-we-gaan-wandelen-in-laforet\/","og_locale":"nl_NL","og_type":"article","og_title":"Laten we gaan wandelen in... LAFORET - Plus Beaux Villages de Wallonie","og_description":"Lafor\u00eat - \"La for\u00eat racont\u00e9e\", \"R\u00e9 - enchantons l'ordinaire\", \"De la for\u00eat \u00e0 Lafor\u00eat\", ontdek of herontdek dit uitzonderlijke Ardense dorp in zijn prachtige groene omgeving!","og_url":"https:\/\/beauxvillages.be\/nl\/laten-we-gaan-wandelen-in-laforet\/","og_site_name":"Plus Beaux Villages de Wallonie","article_published_time":"2022-08-19T13:08:33+00:00","article_modified_time":"2023-01-19T09:38:57+00:00","og_image":[{"width":1024,"height":681,"url":"https:\/\/beauxvillages.be\/wp-content\/uploads\/2021\/12\/Laforet-sans-signature_-2.jpg","type":"image\/jpeg"}],"author":"Aur\u00e9lie Ducroze","twitter_card":"summary_large_image","twitter_misc":{"Geschreven door":"Aur\u00e9lie Ducroze"},"schema":{"@context":"https:\/\/schema.org","@graph":[{"@type":"Article","@id":"https:\/\/beauxvillages.be\/nl\/laten-we-gaan-wandelen-in-laforet\/#article","isPartOf":{"@id":"https:\/\/beauxvillages.be\/nl\/laten-we-gaan-wandelen-in-laforet\/"},"author":{"name":"Aur\u00e9lie Ducroze","@id":"https:\/\/beauxvillages.be\/#\/schema\/person\/dd55d9b57f7cfda0a1e07db2763bf3e2"},"headline":"Laten we gaan wandelen in&#8230; LAFORET","datePublished":"2022-08-19T13:08:33+00:00","dateModified":"2023-01-19T09:38:57+00:00","mainEntityOfPage":{"@id":"https:\/\/beauxvillages.be\/nl\/laten-we-gaan-wandelen-in-laforet\/"},"wordCount":30,"image":{"@id":"https:\/\/beauxvillages.be\/nl\/laten-we-gaan-wandelen-in-laforet\/#primaryimage"},"thumbnailUrl":"https:\/\/beauxvillages.be\/wp-content\/uploads\/2021\/12\/Laforet-sans-signature_-2.jpg","articleSection":["Archieven"],"inLanguage":"nl-NL"},{"@type":"WebPage","@id":"https:\/\/beauxvillages.be\/nl\/laten-we-gaan-wandelen-in-laforet\/","url":"https:\/\/beauxvillages.be\/nl\/laten-we-gaan-wandelen-in-laforet\/","name":"Laten we gaan wandelen in... LAFORET - Plus Beaux Villages de Wallonie","isPartOf":{"@id":"https:\/\/beauxvillages.be\/#website"},"primaryImageOfPage":{"@id":"https:\/\/beauxvillages.be\/nl\/laten-we-gaan-wandelen-in-laforet\/#primaryimage"},"image":{"@id":"https:\/\/beauxvillages.be\/nl\/laten-we-gaan-wandelen-in-laforet\/#primaryimage"},"thumbnailUrl":"https:\/\/beauxvillages.be\/wp-content\/uploads\/2021\/12\/Laforet-sans-signature_-2.jpg","datePublished":"2022-08-19T13:08:33+00:00","dateModified":"2023-01-19T09:38:57+00:00","author":{"@id":"https:\/\/beauxvillages.be\/#\/schema\/person\/dd55d9b57f7cfda0a1e07db2763bf3e2"},"description":"Lafor\u00eat - \"La for\u00eat racont\u00e9e\", \"R\u00e9 - enchantons l'ordinaire\", \"De la for\u00eat \u00e0 Lafor\u00eat\", ontdek of herontdek dit uitzonderlijke Ardense dorp in zijn prachtige groene omgeving!","breadcrumb":{"@id":"https:\/\/beauxvillages.be\/nl\/laten-we-gaan-wandelen-in-laforet\/#breadcrumb"},"inLanguage":"nl-NL","potentialAction":[{"@type":"ReadAction","target":["https:\/\/beauxvillages.be\/nl\/laten-we-gaan-wandelen-in-laforet\/"]}]},{"@type":"ImageObject","inLanguage":"nl-NL","@id":"https:\/\/beauxvillages.be\/nl\/laten-we-gaan-wandelen-in-laforet\/#primaryimage","url":"https:\/\/beauxvillages.be\/wp-content\/uploads\/2021\/12\/Laforet-sans-signature_-2.jpg","contentUrl":"https:\/\/beauxvillages.be\/wp-content\/uploads\/2021\/12\/Laforet-sans-signature_-2.jpg","width":1024,"height":681,"caption":"\u00a9 Rita Photographie"},{"@type":"BreadcrumbList","@id":"https:\/\/beauxvillages.be\/nl\/laten-we-gaan-wandelen-in-laforet\/#breadcrumb","itemListElement":[{"@type":"ListItem","position":1,"name":"Accueil","item":"https:\/\/beauxvillages.be\/"},{"@type":"ListItem","position":2,"name":"Laten we gaan wandelen in&#8230; LAFORET"}]},{"@type":"WebSite","@id":"https:\/\/beauxvillages.be\/#website","url":"https:\/\/beauxvillages.be\/","name":"Plus Beaux Villages de Wallonie","description":"Un site utilisant WordPress","potentialAction":[{"@type":"SearchAction","target":{"@type":"EntryPoint","urlTemplate":"https:\/\/beauxvillages.be\/?s={search_term_string}"},"query-input":{"@type":"PropertyValueSpecification","valueRequired":true,"valueName":"search_term_string"}}],"inLanguage":"nl-NL"},{"@type":"Person","@id":"https:\/\/beauxvillages.be\/#\/schema\/person\/dd55d9b57f7cfda0a1e07db2763bf3e2","name":"Aur\u00e9lie Ducroze","image":{"@type":"ImageObject","inLanguage":"nl-NL","@id":"https:\/\/secure.gravatar.com\/avatar\/72c579ba0ec7d78e4657a1faed746b30dbadf2741e7fa3d2e9ba16c8437e85b7?s=96&d=mm&r=g","url":"https:\/\/secure.gravatar.com\/avatar\/72c579ba0ec7d78e4657a1faed746b30dbadf2741e7fa3d2e9ba16c8437e85b7?s=96&d=mm&r=g","contentUrl":"https:\/\/secure.gravatar.com\/avatar\/72c579ba0ec7d78e4657a1faed746b30dbadf2741e7fa3d2e9ba16c8437e85b7?s=96&d=mm&r=g","caption":"Aur\u00e9lie Ducroze"},"url":"https:\/\/beauxvillages.be\/nl\/author\/aurelie\/"}]}},"_links":{"self":[{"href":"https:\/\/beauxvillages.be\/nl\/wp-json\/wp\/v2\/posts\/15762","targetHints":{"allow":["GET"]}}],"collection":[{"href":"https:\/\/beauxvillages.be\/nl\/wp-json\/wp\/v2\/posts"}],"about":[{"href":"https:\/\/beauxvillages.be\/nl\/wp-json\/wp\/v2\/types\/post"}],"author":[{"embeddable":true,"href":"https:\/\/beauxvillages.be\/nl\/wp-json\/wp\/v2\/users\/7"}],"replies":[{"embeddable":true,"href":"https:\/\/beauxvillages.be\/nl\/wp-json\/wp\/v2\/comments?post=15762"}],"version-history":[{"count":1,"href":"https:\/\/beauxvillages.be\/nl\/wp-json\/wp\/v2\/posts\/15762\/revisions"}],"predecessor-version":[{"id":15763,"href":"https:\/\/beauxvillages.be\/nl\/wp-json\/wp\/v2\/posts\/15762\/revisions\/15763"}],"wp:featuredmedia":[{"embeddable":true,"href":"https:\/\/beauxvillages.be\/nl\/wp-json\/wp\/v2\/media\/6185"}],"wp:attachment":[{"href":"https:\/\/beauxvillages.be\/nl\/wp-json\/wp\/v2\/media?parent=15762"}],"wp:term":[{"taxonomy":"category","embeddable":true,"href":"https:\/\/beauxvillages.be\/nl\/wp-json\/wp\/v2\/categories?post=15762"}],"curies":[{"name":"wp","href":"https:\/\/api.w.org\/{rel}","templated":true}]}}