{"id":12670,"date":"2022-05-14T12:41:38","date_gmt":"2022-05-14T10:41:38","guid":{"rendered":"https:\/\/beauxvillages.be\/het-netwerk-van-de-mooiste-dorpen-van-wallonie-groeit\/"},"modified":"2022-05-25T11:03:23","modified_gmt":"2022-05-25T09:03:23","slug":"het-netwerk-van-de-mooiste-dorpen-van-wallonie-groeit","status":"publish","type":"post","link":"https:\/\/beauxvillages.be\/nl\/het-netwerk-van-de-mooiste-dorpen-van-wallonie-groeit\/","title":{"rendered":"Het NETWERK van de Mooiste Dorpen van Walloni\u00eb groeit!"},"content":{"rendered":"\n<p>Als teken van permanente dynamiek heeft ons netwerk onlangs een gloednieuw dorp verwelkomd, waardoor het aantal &#8220;Mooiste Dorpen van Walloni\u00eb&#8221; op 31 leden komt!<\/p>\n\n<p>De<a href=\"https:\/\/beauxvillages.be\/nl\/pbvw\/hoe-word-ik-een-van-de-mooiste-dorpen-van-wallonie\/\"> etikettering<\/a> van een nieuw dorp gebeurt niet van de ene dag op de andere! Het is het resultaat van verschillende bezoeken ter plaatse en een grondige analyse door onze verschillende organen (<a href=\"https:\/\/beauxvillages.be\/nl\/pbvw\/de-vereniging\/\">Kwaliteitscommissie, Bureau voor Toerisme, Management Team, Raad van Bestuur<\/a>).<\/p>\n\n<p>De kenmerken, de context en het ontwikkelingspotentieel van het dorp <a href=\"https:\/\/beauxvillages.be\/nl\/villages\/saint-remy-geest\/\">SAINT-REMY-GEEST<\/a>, gelegen op het grondgebied van de Stad Jodoigne in de provincie Waals-Brabant, zijn zorgvuldig geanalyseerd en vergeleken met de subsidiabiliteitscriteria van het <a href=\"https:\/\/beauxvillages.be\/nl\/documents\/charte-de-qualite\/\">kwaliteitshandvest<\/a> van onze vereniging.<\/p>\n\n<p>Soulignons que la candidature de Saint-Remy-Geest a \u00e9t\u00e9 port\u00e9e par une consultation populaire ayant r\u00e9colt\u00e9 plus de 95 % d\u2019adh\u00e9sion des habitants qui se sont prononc\u00e9s.<\/p>\n\n<p>Het dorp <a href=\"https:\/\/beauxvillages.be\/nl\/villages\/saint-remy-geest\/\">Saint-Remy-Geest<\/a> kreeg het label officieel uitgereikt op zaterdag 14 mei 2022 tijdens de Algemene Vergadering van de Vereniging en maakt nu integraal deel uit van de kring van de &#8220;<em>Mooiste Dorpen van Walloni\u00eb<\/em>&#8220;!<\/p>\n\n<p>Onze 31 Mooiste Dorpen, gelegen in de vier hoeken van het land, weerspiegelen het rijke erfgoed, het landschap en de toeristische attracties van het landelijke Walloni\u00eb. Elk heeft zijn eigen identiteit, zijn geschiedenis, zijn sfeer, zijn warmte, zijn charme&#8230; wat het uniek maakt voor hen die er wonen en voor hen die het bezoeken.<\/p>\n\n<p><strong>Welkom in <a href=\"https:\/\/beauxvillages.be\/nl\/villages\/saint-remy-geest\/\">SAINT-REMY-GEEST<\/a><a href=\"https:\/\/beauxvillages.be\/wp-admin\/post.php?post=11098&amp;action=edit&amp;lang=fr\">\u00a0<\/a>!<\/strong><\/p>\n\n<p>En om de bijzonderheden van dit nieuwe Beau Village te ontdekken, ga <a href=\"https:\/\/beauxvillages.be\/nl\/villages\/saint-remy-geest\/\"><strong>HIER<\/strong><\/a>!<\/p>\n\n<figure class=\"wp-block-image size-large\"><a href=\"https:\/\/beauxvillages.be\/villages\/saint-remy-geest\/\"><img decoding=\"async\" src=\"https:\/\/beauxvillages.be\/wp-content\/uploads\/2022\/05\/SAINT-REMY-GEEST_15_&#xA9;_Rita_Photographie-1-1024x576.jpg\" alt=\"\" class=\"wp-image-12346\"\/><\/a><figcaption>PBVW \u00a9 Rita Photographie<\/figcaption><\/figure>\n\n<figure class=\"wp-block-image size-large\"><a href=\"https:\/\/beauxvillages.be\/villages\/saint-remy-geest\/\"><img decoding=\"async\" src=\"https:\/\/beauxvillages.be\/wp-content\/uploads\/2022\/05\/SAINT-REMY-GEEST_17_&#xA9;_Rita_Photographie-1-1024x576.jpg\" alt=\"\" class=\"wp-image-12352\"\/><\/a><figcaption>PBVW \u00a9 Rita Photographie<\/figcaption><\/figure>\n\n<figure class=\"wp-block-image size-large\"><a href=\"https:\/\/beauxvillages.be\/villages\/saint-remy-geest\/\"><img decoding=\"async\" src=\"https:\/\/beauxvillages.be\/wp-content\/uploads\/2022\/05\/SAINT-REMY-GEEST_12_&#xA9;_Rita_Photographie-1024x681.jpg\" alt=\"\" class=\"wp-image-12151\"\/><\/a><figcaption>PBVW \u00a9Rita Photographie<\/figcaption><\/figure>\n","protected":false},"excerpt":{"rendered":"<p>Als teken van permanente dynamiek heeft ons netwerk onlangs een gloednieuw dorp verwelkomd, waardoor het aantal &#8220;Mooiste Dorpen van Walloni\u00eb&#8221; op 31 leden komt! De etikettering van een nieuw dorp gebeurt niet van de ene dag op de andere! Het is het resultaat van verschillende bezoeken ter plaatse en een grondige analyse door onze verschillende [&hellip;]<\/p>\n","protected":false},"author":7,"featured_media":12121,"comment_status":"closed","ping_status":"closed","sticky":false,"template":"","format":"standard","meta":{"_acf_changed":false,"footnotes":""},"categories":[1],"class_list":["post-12670","post","type-post","status-publish","format-standard","has-post-thumbnail","hentry","category-archives"],"acf":[],"yoast_head":"<!-- This site is optimized with the Yoast SEO plugin v27.4 - https:\/\/yoast.com\/product\/yoast-seo-wordpress\/ -->\n<title>Het NETWERK van de Mooiste Dorpen van Walloni\u00eb groeit! - Plus Beaux Villages de Wallonie<\/title>\n<meta name=\"robots\" content=\"index, follow, max-snippet:-1, max-image-preview:large, max-video-preview:-1\" \/>\n<link rel=\"canonical\" href=\"https:\/\/beauxvillages.be\/en\/the-network-of-the-most-beautiful-villages-of-wallonia-is-growing\/\" \/>\n<meta property=\"og:locale\" content=\"nl_NL\" \/>\n<meta property=\"og:type\" content=\"article\" \/>\n<meta property=\"og:title\" content=\"Het NETWERK van de Mooiste Dorpen van Walloni\u00eb groeit! - Plus Beaux Villages de Wallonie\" \/>\n<meta property=\"og:description\" content=\"Als teken van permanente dynamiek heeft ons netwerk onlangs een gloednieuw dorp verwelkomd, waardoor het aantal &#8220;Mooiste Dorpen van Walloni\u00eb&#8221; op 31 leden komt! De etikettering van een nieuw dorp gebeurt niet van de ene dag op de andere! Het is het resultaat van verschillende bezoeken ter plaatse en een grondige analyse door onze verschillende [&hellip;]\" \/>\n<meta property=\"og:url\" content=\"https:\/\/beauxvillages.be\/en\/the-network-of-the-most-beautiful-villages-of-wallonia-is-growing\/\" \/>\n<meta property=\"og:site_name\" content=\"Plus Beaux Villages de Wallonie\" \/>\n<meta property=\"article:published_time\" content=\"2022-05-14T10:41:38+00:00\" \/>\n<meta property=\"article:modified_time\" content=\"2022-05-25T09:03:23+00:00\" \/>\n<meta property=\"og:image\" content=\"https:\/\/beauxvillages.be\/wp-content\/uploads\/2022\/05\/SAINT-REMY-GEEST_01_\u00a9_Rita_Photographie-scaled.jpg\" \/>\n\t<meta property=\"og:image:width\" content=\"2560\" \/>\n\t<meta property=\"og:image:height\" content=\"1030\" \/>\n\t<meta property=\"og:image:type\" content=\"image\/jpeg\" \/>\n<meta name=\"author\" content=\"Aur\u00e9lie Ducroze\" \/>\n<meta name=\"twitter:card\" content=\"summary_large_image\" \/>\n<meta name=\"twitter:label1\" content=\"Geschreven door\" \/>\n\t<meta name=\"twitter:data1\" content=\"Aur\u00e9lie Ducroze\" \/>\n\t<meta name=\"twitter:label2\" content=\"Geschatte leestijd\" \/>\n\t<meta name=\"twitter:data2\" content=\"1 minuut\" \/>\n<script type=\"application\/ld+json\" class=\"yoast-schema-graph\">{\"@context\":\"https:\\\/\\\/schema.org\",\"@graph\":[{\"@type\":\"Article\",\"@id\":\"https:\\\/\\\/beauxvillages.be\\\/en\\\/the-network-of-the-most-beautiful-villages-of-wallonia-is-growing\\\/#article\",\"isPartOf\":{\"@id\":\"https:\\\/\\\/beauxvillages.be\\\/en\\\/the-network-of-the-most-beautiful-villages-of-wallonia-is-growing\\\/\"},\"author\":{\"name\":\"Aur\u00e9lie Ducroze\",\"@id\":\"https:\\\/\\\/beauxvillages.be\\\/#\\\/schema\\\/person\\\/dd55d9b57f7cfda0a1e07db2763bf3e2\"},\"headline\":\"Het NETWERK van de Mooiste Dorpen van Walloni\u00eb groeit!\",\"datePublished\":\"2022-05-14T10:41:38+00:00\",\"dateModified\":\"2022-05-25T09:03:23+00:00\",\"mainEntityOfPage\":{\"@id\":\"https:\\\/\\\/beauxvillages.be\\\/en\\\/the-network-of-the-most-beautiful-villages-of-wallonia-is-growing\\\/\"},\"wordCount\":250,\"image\":{\"@id\":\"https:\\\/\\\/beauxvillages.be\\\/en\\\/the-network-of-the-most-beautiful-villages-of-wallonia-is-growing\\\/#primaryimage\"},\"thumbnailUrl\":\"https:\\\/\\\/beauxvillages.be\\\/wp-content\\\/uploads\\\/2022\\\/05\\\/SAINT-REMY-GEEST_01_\u00a9_Rita_Photographie-scaled.jpg\",\"articleSection\":[\"Archives\"],\"inLanguage\":\"nl-NL\"},{\"@type\":\"WebPage\",\"@id\":\"https:\\\/\\\/beauxvillages.be\\\/en\\\/the-network-of-the-most-beautiful-villages-of-wallonia-is-growing\\\/\",\"url\":\"https:\\\/\\\/beauxvillages.be\\\/en\\\/the-network-of-the-most-beautiful-villages-of-wallonia-is-growing\\\/\",\"name\":\"Het NETWERK van de Mooiste Dorpen van Walloni\u00eb groeit! - Plus Beaux Villages de Wallonie\",\"isPartOf\":{\"@id\":\"https:\\\/\\\/beauxvillages.be\\\/#website\"},\"primaryImageOfPage\":{\"@id\":\"https:\\\/\\\/beauxvillages.be\\\/en\\\/the-network-of-the-most-beautiful-villages-of-wallonia-is-growing\\\/#primaryimage\"},\"image\":{\"@id\":\"https:\\\/\\\/beauxvillages.be\\\/en\\\/the-network-of-the-most-beautiful-villages-of-wallonia-is-growing\\\/#primaryimage\"},\"thumbnailUrl\":\"https:\\\/\\\/beauxvillages.be\\\/wp-content\\\/uploads\\\/2022\\\/05\\\/SAINT-REMY-GEEST_01_\u00a9_Rita_Photographie-scaled.jpg\",\"datePublished\":\"2022-05-14T10:41:38+00:00\",\"dateModified\":\"2022-05-25T09:03:23+00:00\",\"author\":{\"@id\":\"https:\\\/\\\/beauxvillages.be\\\/#\\\/schema\\\/person\\\/dd55d9b57f7cfda0a1e07db2763bf3e2\"},\"breadcrumb\":{\"@id\":\"https:\\\/\\\/beauxvillages.be\\\/en\\\/the-network-of-the-most-beautiful-villages-of-wallonia-is-growing\\\/#breadcrumb\"},\"inLanguage\":\"nl-NL\",\"potentialAction\":[{\"@type\":\"ReadAction\",\"target\":[\"https:\\\/\\\/beauxvillages.be\\\/en\\\/the-network-of-the-most-beautiful-villages-of-wallonia-is-growing\\\/\"]}]},{\"@type\":\"ImageObject\",\"inLanguage\":\"nl-NL\",\"@id\":\"https:\\\/\\\/beauxvillages.be\\\/en\\\/the-network-of-the-most-beautiful-villages-of-wallonia-is-growing\\\/#primaryimage\",\"url\":\"https:\\\/\\\/beauxvillages.be\\\/wp-content\\\/uploads\\\/2022\\\/05\\\/SAINT-REMY-GEEST_01_\u00a9_Rita_Photographie-scaled.jpg\",\"contentUrl\":\"https:\\\/\\\/beauxvillages.be\\\/wp-content\\\/uploads\\\/2022\\\/05\\\/SAINT-REMY-GEEST_01_\u00a9_Rita_Photographie-scaled.jpg\",\"width\":2560,\"height\":1030,\"caption\":\"PBVW \u00a9Rita Photographie\"},{\"@type\":\"BreadcrumbList\",\"@id\":\"https:\\\/\\\/beauxvillages.be\\\/en\\\/the-network-of-the-most-beautiful-villages-of-wallonia-is-growing\\\/#breadcrumb\",\"itemListElement\":[{\"@type\":\"ListItem\",\"position\":1,\"name\":\"Accueil\",\"item\":\"https:\\\/\\\/beauxvillages.be\\\/\"},{\"@type\":\"ListItem\",\"position\":2,\"name\":\"Het NETWERK van de Mooiste Dorpen van Walloni\u00eb groeit!\"}]},{\"@type\":\"WebSite\",\"@id\":\"https:\\\/\\\/beauxvillages.be\\\/#website\",\"url\":\"https:\\\/\\\/beauxvillages.be\\\/\",\"name\":\"Plus Beaux Villages de Wallonie\",\"description\":\"Un site utilisant WordPress\",\"potentialAction\":[{\"@type\":\"SearchAction\",\"target\":{\"@type\":\"EntryPoint\",\"urlTemplate\":\"https:\\\/\\\/beauxvillages.be\\\/?s={search_term_string}\"},\"query-input\":{\"@type\":\"PropertyValueSpecification\",\"valueRequired\":true,\"valueName\":\"search_term_string\"}}],\"inLanguage\":\"nl-NL\"},{\"@type\":\"Person\",\"@id\":\"https:\\\/\\\/beauxvillages.be\\\/#\\\/schema\\\/person\\\/dd55d9b57f7cfda0a1e07db2763bf3e2\",\"name\":\"Aur\u00e9lie Ducroze\",\"image\":{\"@type\":\"ImageObject\",\"inLanguage\":\"nl-NL\",\"@id\":\"https:\\\/\\\/secure.gravatar.com\\\/avatar\\\/72c579ba0ec7d78e4657a1faed746b30dbadf2741e7fa3d2e9ba16c8437e85b7?s=96&d=mm&r=g\",\"url\":\"https:\\\/\\\/secure.gravatar.com\\\/avatar\\\/72c579ba0ec7d78e4657a1faed746b30dbadf2741e7fa3d2e9ba16c8437e85b7?s=96&d=mm&r=g\",\"contentUrl\":\"https:\\\/\\\/secure.gravatar.com\\\/avatar\\\/72c579ba0ec7d78e4657a1faed746b30dbadf2741e7fa3d2e9ba16c8437e85b7?s=96&d=mm&r=g\",\"caption\":\"Aur\u00e9lie Ducroze\"},\"url\":\"https:\\\/\\\/beauxvillages.be\\\/nl\\\/author\\\/aurelie\\\/\"}]}<\/script>\n<!-- \/ Yoast SEO plugin. -->","yoast_head_json":{"title":"Het NETWERK van de Mooiste Dorpen van Walloni\u00eb groeit! - Plus Beaux Villages de Wallonie","robots":{"index":"index","follow":"follow","max-snippet":"max-snippet:-1","max-image-preview":"max-image-preview:large","max-video-preview":"max-video-preview:-1"},"canonical":"https:\/\/beauxvillages.be\/en\/the-network-of-the-most-beautiful-villages-of-wallonia-is-growing\/","og_locale":"nl_NL","og_type":"article","og_title":"Het NETWERK van de Mooiste Dorpen van Walloni\u00eb groeit! - Plus Beaux Villages de Wallonie","og_description":"Als teken van permanente dynamiek heeft ons netwerk onlangs een gloednieuw dorp verwelkomd, waardoor het aantal &#8220;Mooiste Dorpen van Walloni\u00eb&#8221; op 31 leden komt! De etikettering van een nieuw dorp gebeurt niet van de ene dag op de andere! Het is het resultaat van verschillende bezoeken ter plaatse en een grondige analyse door onze verschillende [&hellip;]","og_url":"https:\/\/beauxvillages.be\/en\/the-network-of-the-most-beautiful-villages-of-wallonia-is-growing\/","og_site_name":"Plus Beaux Villages de Wallonie","article_published_time":"2022-05-14T10:41:38+00:00","article_modified_time":"2022-05-25T09:03:23+00:00","og_image":[{"width":2560,"height":1030,"url":"https:\/\/beauxvillages.be\/wp-content\/uploads\/2022\/05\/SAINT-REMY-GEEST_01_\u00a9_Rita_Photographie-scaled.jpg","type":"image\/jpeg"}],"author":"Aur\u00e9lie Ducroze","twitter_card":"summary_large_image","twitter_misc":{"Geschreven door":"Aur\u00e9lie Ducroze","Geschatte leestijd":"1 minuut"},"schema":{"@context":"https:\/\/schema.org","@graph":[{"@type":"Article","@id":"https:\/\/beauxvillages.be\/en\/the-network-of-the-most-beautiful-villages-of-wallonia-is-growing\/#article","isPartOf":{"@id":"https:\/\/beauxvillages.be\/en\/the-network-of-the-most-beautiful-villages-of-wallonia-is-growing\/"},"author":{"name":"Aur\u00e9lie Ducroze","@id":"https:\/\/beauxvillages.be\/#\/schema\/person\/dd55d9b57f7cfda0a1e07db2763bf3e2"},"headline":"Het NETWERK van de Mooiste Dorpen van Walloni\u00eb groeit!","datePublished":"2022-05-14T10:41:38+00:00","dateModified":"2022-05-25T09:03:23+00:00","mainEntityOfPage":{"@id":"https:\/\/beauxvillages.be\/en\/the-network-of-the-most-beautiful-villages-of-wallonia-is-growing\/"},"wordCount":250,"image":{"@id":"https:\/\/beauxvillages.be\/en\/the-network-of-the-most-beautiful-villages-of-wallonia-is-growing\/#primaryimage"},"thumbnailUrl":"https:\/\/beauxvillages.be\/wp-content\/uploads\/2022\/05\/SAINT-REMY-GEEST_01_\u00a9_Rita_Photographie-scaled.jpg","articleSection":["Archives"],"inLanguage":"nl-NL"},{"@type":"WebPage","@id":"https:\/\/beauxvillages.be\/en\/the-network-of-the-most-beautiful-villages-of-wallonia-is-growing\/","url":"https:\/\/beauxvillages.be\/en\/the-network-of-the-most-beautiful-villages-of-wallonia-is-growing\/","name":"Het NETWERK van de Mooiste Dorpen van Walloni\u00eb groeit! - Plus Beaux Villages de Wallonie","isPartOf":{"@id":"https:\/\/beauxvillages.be\/#website"},"primaryImageOfPage":{"@id":"https:\/\/beauxvillages.be\/en\/the-network-of-the-most-beautiful-villages-of-wallonia-is-growing\/#primaryimage"},"image":{"@id":"https:\/\/beauxvillages.be\/en\/the-network-of-the-most-beautiful-villages-of-wallonia-is-growing\/#primaryimage"},"thumbnailUrl":"https:\/\/beauxvillages.be\/wp-content\/uploads\/2022\/05\/SAINT-REMY-GEEST_01_\u00a9_Rita_Photographie-scaled.jpg","datePublished":"2022-05-14T10:41:38+00:00","dateModified":"2022-05-25T09:03:23+00:00","author":{"@id":"https:\/\/beauxvillages.be\/#\/schema\/person\/dd55d9b57f7cfda0a1e07db2763bf3e2"},"breadcrumb":{"@id":"https:\/\/beauxvillages.be\/en\/the-network-of-the-most-beautiful-villages-of-wallonia-is-growing\/#breadcrumb"},"inLanguage":"nl-NL","potentialAction":[{"@type":"ReadAction","target":["https:\/\/beauxvillages.be\/en\/the-network-of-the-most-beautiful-villages-of-wallonia-is-growing\/"]}]},{"@type":"ImageObject","inLanguage":"nl-NL","@id":"https:\/\/beauxvillages.be\/en\/the-network-of-the-most-beautiful-villages-of-wallonia-is-growing\/#primaryimage","url":"https:\/\/beauxvillages.be\/wp-content\/uploads\/2022\/05\/SAINT-REMY-GEEST_01_\u00a9_Rita_Photographie-scaled.jpg","contentUrl":"https:\/\/beauxvillages.be\/wp-content\/uploads\/2022\/05\/SAINT-REMY-GEEST_01_\u00a9_Rita_Photographie-scaled.jpg","width":2560,"height":1030,"caption":"PBVW \u00a9Rita Photographie"},{"@type":"BreadcrumbList","@id":"https:\/\/beauxvillages.be\/en\/the-network-of-the-most-beautiful-villages-of-wallonia-is-growing\/#breadcrumb","itemListElement":[{"@type":"ListItem","position":1,"name":"Accueil","item":"https:\/\/beauxvillages.be\/"},{"@type":"ListItem","position":2,"name":"Het NETWERK van de Mooiste Dorpen van Walloni\u00eb groeit!"}]},{"@type":"WebSite","@id":"https:\/\/beauxvillages.be\/#website","url":"https:\/\/beauxvillages.be\/","name":"Plus Beaux Villages de Wallonie","description":"Un site utilisant WordPress","potentialAction":[{"@type":"SearchAction","target":{"@type":"EntryPoint","urlTemplate":"https:\/\/beauxvillages.be\/?s={search_term_string}"},"query-input":{"@type":"PropertyValueSpecification","valueRequired":true,"valueName":"search_term_string"}}],"inLanguage":"nl-NL"},{"@type":"Person","@id":"https:\/\/beauxvillages.be\/#\/schema\/person\/dd55d9b57f7cfda0a1e07db2763bf3e2","name":"Aur\u00e9lie Ducroze","image":{"@type":"ImageObject","inLanguage":"nl-NL","@id":"https:\/\/secure.gravatar.com\/avatar\/72c579ba0ec7d78e4657a1faed746b30dbadf2741e7fa3d2e9ba16c8437e85b7?s=96&d=mm&r=g","url":"https:\/\/secure.gravatar.com\/avatar\/72c579ba0ec7d78e4657a1faed746b30dbadf2741e7fa3d2e9ba16c8437e85b7?s=96&d=mm&r=g","contentUrl":"https:\/\/secure.gravatar.com\/avatar\/72c579ba0ec7d78e4657a1faed746b30dbadf2741e7fa3d2e9ba16c8437e85b7?s=96&d=mm&r=g","caption":"Aur\u00e9lie Ducroze"},"url":"https:\/\/beauxvillages.be\/nl\/author\/aurelie\/"}]}},"_links":{"self":[{"href":"https:\/\/beauxvillages.be\/nl\/wp-json\/wp\/v2\/posts\/12670","targetHints":{"allow":["GET"]}}],"collection":[{"href":"https:\/\/beauxvillages.be\/nl\/wp-json\/wp\/v2\/posts"}],"about":[{"href":"https:\/\/beauxvillages.be\/nl\/wp-json\/wp\/v2\/types\/post"}],"author":[{"embeddable":true,"href":"https:\/\/beauxvillages.be\/nl\/wp-json\/wp\/v2\/users\/7"}],"replies":[{"embeddable":true,"href":"https:\/\/beauxvillages.be\/nl\/wp-json\/wp\/v2\/comments?post=12670"}],"version-history":[{"count":3,"href":"https:\/\/beauxvillages.be\/nl\/wp-json\/wp\/v2\/posts\/12670\/revisions"}],"predecessor-version":[{"id":12675,"href":"https:\/\/beauxvillages.be\/nl\/wp-json\/wp\/v2\/posts\/12670\/revisions\/12675"}],"wp:featuredmedia":[{"embeddable":true,"href":"https:\/\/beauxvillages.be\/nl\/wp-json\/wp\/v2\/media\/12121"}],"wp:attachment":[{"href":"https:\/\/beauxvillages.be\/nl\/wp-json\/wp\/v2\/media?parent=12670"}],"wp:term":[{"taxonomy":"category","embeddable":true,"href":"https:\/\/beauxvillages.be\/nl\/wp-json\/wp\/v2\/categories?post=12670"}],"curies":[{"name":"wp","href":"https:\/\/api.w.org\/{rel}","templated":true}]}}